{"id":6470,"date":"2022-06-09T17:59:27","date_gmt":"2022-06-09T15:59:27","guid":{"rendered":"https:\/\/ethicstech.eu\/?p=6470"},"modified":"2022-12-08T14:26:45","modified_gmt":"2022-12-08T13:26:45","slug":"anais-resseguier-the-critical-approach-to-ai-needs-to-be-continuously-restarted","status":"publish","type":"post","link":"http:\/\/ethicstech.eu\/en\/anais-resseguier-the-critical-approach-to-ai-needs-to-be-continuously-restarted\/","title":{"rendered":"Ana\u00efs Ress\u00e9guier: The critical approach to AI needs to be continuously restarted"},"content":{"rendered":"\t\t<div data-elementor-type=\"wp-post\" data-elementor-id=\"6470\" class=\"elementor elementor-6470 elementor-6438\">\n\t\t\t\t\t\t<section class=\"elementor-section elementor-top-section elementor-element elementor-element-5cfd4f21 elementor-section-height-min-height elementor-section-boxed elementor-section-height-default elementor-section-items-middle\" data-id=\"5cfd4f21\" data-element_type=\"section\" data-e-type=\"section\" data-settings=\"{&quot;background_background&quot;:&quot;classic&quot;}\">\n\t\t\t\t\t\t\t<div class=\"elementor-background-overlay\"><\/div>\n\t\t\t\t\t\t\t<div class=\"elementor-container elementor-column-gap-default\">\n\t\t\t\t\t<div class=\"elementor-column elementor-col-100 elementor-top-column elementor-element elementor-element-761c815a\" data-id=\"761c815a\" data-element_type=\"column\" data-e-type=\"column\">\n\t\t\t<div class=\"elementor-widget-wrap elementor-element-populated\">\n\t\t\t\t\t\t<div class=\"elementor-element elementor-element-4155b0f6 elementor-widget elementor-widget-heading\" data-id=\"4155b0f6\" data-element_type=\"widget\" data-e-type=\"widget\" data-widget_type=\"heading.default\">\n\t\t\t\t<div class=\"elementor-widget-container\">\n\t\t\t\t\t<h2 class=\"elementor-heading-title elementor-size-default\">Ana\u00efs Ress\u00e9guier: <br>The critical approach to AI needs to be continuously restarted<\/h2>\t\t\t\t<\/div>\n\t\t\t\t<\/div>\n\t\t\t\t\t<\/div>\n\t\t<\/div>\n\t\t\t\t\t<\/div>\n\t\t<\/section>\n\t\t\t\t<section class=\"elementor-section elementor-top-section elementor-element elementor-element-548dad82 elementor-section-full_width elementor-section-height-default elementor-section-height-default\" data-id=\"548dad82\" data-element_type=\"section\" data-e-type=\"section\" data-settings=\"{&quot;background_background&quot;:&quot;classic&quot;}\">\n\t\t\t\t\t\t<div class=\"elementor-container elementor-column-gap-default\">\n\t\t\t\t\t<div class=\"elementor-column elementor-col-100 elementor-top-column elementor-element elementor-element-ea649dd\" data-id=\"ea649dd\" data-element_type=\"column\" data-e-type=\"column\">\n\t\t\t<div class=\"elementor-widget-wrap elementor-element-populated\">\n\t\t\t\t\t\t<section class=\"elementor-section elementor-inner-section elementor-element elementor-element-1281374a elementor-section-boxed elementor-section-height-default elementor-section-height-default\" data-id=\"1281374a\" data-element_type=\"section\" data-e-type=\"section\" data-settings=\"{&quot;background_background&quot;:&quot;classic&quot;}\">\n\t\t\t\t\t\t<div class=\"elementor-container elementor-column-gap-default\">\n\t\t\t\t\t<div class=\"elementor-column elementor-col-50 elementor-inner-column elementor-element elementor-element-7fefcdef\" data-id=\"7fefcdef\" data-element_type=\"column\" data-e-type=\"column\">\n\t\t\t<div class=\"elementor-widget-wrap elementor-element-populated\">\n\t\t\t\t\t\t<div class=\"elementor-element elementor-element-17aa809 elementor-widget elementor-widget-shortcode\" data-id=\"17aa809\" data-element_type=\"widget\" data-e-type=\"widget\" data-widget_type=\"shortcode.default\">\n\t\t\t\t<div class=\"elementor-widget-container\">\n\t\t\t\t\t\t\t<div class=\"elementor-shortcode\">9 June, 2022<br>agagaj<\/div>\n\t\t\t\t\t\t<\/div>\n\t\t\t\t<\/div>\n\t\t\t\t<div class=\"elementor-element elementor-element-4f61bf50 elementor-widget elementor-widget-spacer\" data-id=\"4f61bf50\" data-element_type=\"widget\" data-e-type=\"widget\" data-widget_type=\"spacer.default\">\n\t\t\t\t<div class=\"elementor-widget-container\">\n\t\t\t\t\t\t\t<div class=\"elementor-spacer\">\n\t\t\t<div class=\"elementor-spacer-inner\"><\/div>\n\t\t<\/div>\n\t\t\t\t\t\t<\/div>\n\t\t\t\t<\/div>\n\t\t\t\t\t<\/div>\n\t\t<\/div>\n\t\t\t\t<div class=\"elementor-column elementor-col-50 elementor-inner-column elementor-element elementor-element-7ce76706\" data-id=\"7ce76706\" data-element_type=\"column\" data-e-type=\"column\">\n\t\t\t<div class=\"elementor-widget-wrap elementor-element-populated\">\n\t\t\t\t\t\t<div class=\"elementor-element elementor-element-67351cc1 elementor-widget elementor-widget-text-editor\" data-id=\"67351cc1\" data-element_type=\"widget\" data-e-type=\"widget\" data-widget_type=\"text-editor.default\">\n\t\t\t\t<div class=\"elementor-widget-container\">\n\t\t\t\t\t\t\t\t\t<p><strong>There is a tendency to consider AI as a highly sophisticated technology that would be almost virtual, intangible. This is very problematic because it means that we cannot see all the impacts of AI. So if we want to fully assess this technology looking at the whole AI lifecycle is very much needed, says Dr. Ana\u00efs Ress\u00e9guier in conversation with Maciej Chojnowski.<\/strong><\/p>\t\t\t\t\t\t\t\t<\/div>\n\t\t\t\t<\/div>\n\t\t\t\t<div class=\"elementor-element elementor-element-13b4ce83 elementor-widget-divider--view-line elementor-widget elementor-widget-divider\" data-id=\"13b4ce83\" data-element_type=\"widget\" data-e-type=\"widget\" data-widget_type=\"divider.default\">\n\t\t\t\t<div class=\"elementor-widget-container\">\n\t\t\t\t\t\t\t<div class=\"elementor-divider\">\n\t\t\t<span class=\"elementor-divider-separator\">\n\t\t\t\t\t\t<\/span>\n\t\t<\/div>\n\t\t\t\t\t\t<\/div>\n\t\t\t\t<\/div>\n\t\t\t\t<div class=\"elementor-element elementor-element-35b38bad elementor-widget elementor-widget-text-editor\" data-id=\"35b38bad\" data-element_type=\"widget\" data-e-type=\"widget\" data-widget_type=\"text-editor.default\">\n\t\t\t\t<div class=\"elementor-widget-container\">\n\t\t\t\t\t\t\t\t\t<p><strong>Maciej Chojnowski: In an <a href=\"https:\/\/journals.sagepub.com\/doi\/full\/10.1177\/2053951720942541\" target=\"_blank\" rel=\"noopener\">article<\/a> co-written with Rowena Rodrigues, you argue that today\u2019s AI ethics is mostly based on high-level prinicples and remains quite abstract. You also give two reasons why AI ethics as we know it is rather ineffective. Firstly, because it has limited means to ensure compliance. And secondly, because AI ethics should not be treated as a soft version of law. Quite contrary, it should be seen as attention to context: a constantly renewed ability to see the new, which is \u201ea powerful tool against cognitive and perceptive inertia\u201d. What are the most striking examples of this inertia in the AI field today? <br \/><\/strong><\/p>\t\t\t\t\t\t\t\t<\/div>\n\t\t\t\t<\/div>\n\t\t\t\t<div class=\"elementor-element elementor-element-33d5d125 elementor-widget elementor-widget-text-editor\" data-id=\"33d5d125\" data-element_type=\"widget\" data-e-type=\"widget\" data-widget_type=\"text-editor.default\">\n\t\t\t\t<div class=\"elementor-widget-container\">\n\t\t\t\t\t\t\t\t\t<p><strong>Ana\u00efs Ress\u00e9guier<\/strong>*: I would like to highlight two points here. The first one is inertia in acknowledging the disparate impacts of AI on different communities. We often fail to recognise that if an AI system doesn\u2019t work for a particular community it is a failure of this system. And there are many systems that work poorly for specific groups of people. This should be considered a really significant problem, not just a marginal issue, and be properly addressed. <\/p>\t\t\t\t\t\t\t\t<\/div>\n\t\t\t\t<\/div>\n\t\t\t\t<div class=\"elementor-element elementor-element-1edced25 elementor-widget elementor-widget-text-editor\" data-id=\"1edced25\" data-element_type=\"widget\" data-e-type=\"widget\" data-widget_type=\"text-editor.default\">\n\t\t\t\t<div class=\"elementor-widget-container\">\n\t\t\t\t\t\t\t\t\t<p>There is a study called <a href=\"http:\/\/proceedings.mlr.press\/v81\/buolamwini18a\/buolamwini18a.pdf\">\u201eGender shades\u201d<\/a> by Joy Buolamwini and Timnit Gebru about facial recognition systems which exemplifies this point very well. It shows that the standard evaluation of facial recognition systems that look at error rates over the whole population fails to account for major disparities across different communities. As this study showed, error rates for black females are much higher than those for white males.<\/p>\t\t\t\t\t\t\t\t<\/div>\n\t\t\t\t<\/div>\n\t\t\t\t<div class=\"elementor-element elementor-element-24a95580 elementor-widget elementor-widget-text-editor\" data-id=\"24a95580\" data-element_type=\"widget\" data-e-type=\"widget\" data-widget_type=\"text-editor.default\">\n\t\t\t\t<div class=\"elementor-widget-container\">\n\t\t\t\t\t\t\t\t\t<p>This illustrates the fact that we need more fine-tuned, more precise lenses to assess this technology, one that look more closely at the characteristics of particular communities. I think that despite the evidence that this is highly needed there is still a lot of blindness towards it. This is the first point of this cognitive and perceptive inertia that I want to highlight.<\/p>\t\t\t\t\t\t\t\t<\/div>\n\t\t\t\t<\/div>\n\t\t\t\t<div class=\"elementor-element elementor-element-857ad2e elementor-widget elementor-widget-text-editor\" data-id=\"857ad2e\" data-element_type=\"widget\" data-e-type=\"widget\" data-widget_type=\"text-editor.default\">\n\t\t\t\t<div class=\"elementor-widget-container\">\n\t\t\t\t\t\t\t\t\t<p><strong>And the second one?<\/strong><\/p>\t\t\t\t\t\t\t\t<\/div>\n\t\t\t\t<\/div>\n\t\t\t\t<div class=\"elementor-element elementor-element-c360b80 elementor-widget elementor-widget-text-editor\" data-id=\"c360b80\" data-element_type=\"widget\" data-e-type=\"widget\" data-widget_type=\"text-editor.default\">\n\t\t\t\t<div class=\"elementor-widget-container\">\n\t\t\t\t\t\t\t\t\t<p>The second one is the failure to account for the full lifecycle of AI systems, including the raw material they rely on, their environmental impact, the costs of producing and disposing of the systems components and so on.<\/p>\t\t\t\t\t\t\t\t<\/div>\n\t\t\t\t<\/div>\n\t\t\t\t<div class=\"elementor-element elementor-element-c4deeb3 elementor-widget elementor-widget-text-editor\" data-id=\"c4deeb3\" data-element_type=\"widget\" data-e-type=\"widget\" data-widget_type=\"text-editor.default\">\n\t\t\t\t<div class=\"elementor-widget-container\">\n\t\t\t\t\t\t\t\t\t<p>There is a tendency to consider AI as a highly sophisticated technology that would be almost virtual, intangible. In <a href=\"https:\/\/open-research-europe.ec.europa.eu\/articles\/1-27\">another article<\/a>, we call this the \u201eAI immaterial narrative\u201d. And this is very problematic because it means that we cannot see all the impacts of AI. For instance, a study on the environmental impacts of AI shows that training a single AI system produces as much carbon dioxide as five cars in their whole lifetime! So that\u2019s quite a major impact. This is why looking at the whole AI lifecycle, not only at the algorithms that are being developed in laboratories, is very much needed if we want to fully assess this technology.<\/p>\t\t\t\t\t\t\t\t<\/div>\n\t\t\t\t<\/div>\n\t\t\t\t<div class=\"elementor-element elementor-element-1195440 elementor-widget elementor-widget-text-editor\" data-id=\"1195440\" data-element_type=\"widget\" data-e-type=\"widget\" data-widget_type=\"text-editor.default\">\n\t\t\t\t<div class=\"elementor-widget-container\">\n\t\t\t\t\t\t\t\t\t<p>In her book <a href=\"https:\/\/www.katecrawford.net\/\">\u201eAtlas of AI\u201d<\/a>, Kate Crawford does a great job in redefining what AI is in all its different dimensions: the rare earth minerals it relies on, the infrastructure, the logistics, the data collection, and the impact of this data collection. So that\u2019s a really broad system that needs to be taken into consideration when we look at AI. But I\u2019m afraid we are still a bit blind to that. And this should definitely change.<\/p>\t\t\t\t\t\t\t\t<\/div>\n\t\t\t\t<\/div>\n\t\t\t\t<div class=\"elementor-element elementor-element-68e84855 elementor-widget elementor-widget-text-editor\" data-id=\"68e84855\" data-element_type=\"widget\" data-e-type=\"widget\" data-widget_type=\"text-editor.default\">\n\t\t\t\t<div class=\"elementor-widget-container\">\n\t\t\t\t\t\t\t\t\t<p><strong>According to Luciano Floridi, digital ethics is one of the three components of the normative system concerning technology (the other two being digital regulation and digital governance). And whereas regulation tells us what is legal and illegal, it has nothing to say about what we can do to live in a better society. This sort of moral evaluation is only possible within the ethics domain. But it seems that this is exactly the sort of capability that AI ethics is lacking today because of this widespread legalistic approach. What sort of actions and tools do we need to make AI ethics effective?<\/strong><\/p>\t\t\t\t\t\t\t\t<\/div>\n\t\t\t\t<\/div>\n\t\t\t\t<div class=\"elementor-element elementor-element-691608c1 elementor-widget elementor-widget-text-editor\" data-id=\"691608c1\" data-element_type=\"widget\" data-e-type=\"widget\" data-widget_type=\"text-editor.default\">\n\t\t\t\t<div class=\"elementor-widget-container\">\n\t\t\t\t\t\t\t\t\t<p>To answer this question I would make a distinction within the field of ethics that helps address a confusion I see quite often.<\/p>\t\t\t\t\t\t\t\t<\/div>\n\t\t\t\t<\/div>\n\t\t\t\t<div class=\"elementor-element elementor-element-b4a2fbf elementor-widget elementor-widget-text-editor\" data-id=\"b4a2fbf\" data-element_type=\"widget\" data-e-type=\"widget\" data-widget_type=\"text-editor.default\">\n\t\t\t\t<div class=\"elementor-widget-container\">\n\t\t\t\t\t\t\t\t\t<p>On the one hand, we can distinguish ethics as embedded within particular institutional frameworks. For instance, with bioethics there are well-established structures and frameworks that make it work and implement it in practice for medical research. At <a href=\"https:\/\/www.trilateralresearch.com\/\">Trilateral Research<\/a>, we work a lot with this approach to ethics, in particular with research ethics applied to new and emerging technologies. We provide guidance to research projects developing technological solutions to make sure they follow ethical obligations. The European Commission has a very specific research ethics framework that requires compliance from grantees. While working on projects funded by the EU we use our ethical expertise to implement this ethical framework. And this form of ethics is indeed a bit like a softer version of law.<\/p>\t\t\t\t\t\t\t\t<\/div>\n\t\t\t\t<\/div>\n\t\t\t\t<div class=\"elementor-element elementor-element-8d9e75b elementor-widget elementor-widget-text-editor\" data-id=\"8d9e75b\" data-element_type=\"widget\" data-e-type=\"widget\" data-widget_type=\"text-editor.default\">\n\t\t\t\t<div class=\"elementor-widget-container\">\n\t\t\t\t\t\t\t\t\t<p>In our article we were critical of this approach to ethics as soft law when it is not embedded within institutional frameworks. This is when it becomes indeed \u201etoothless\u201d. But it can be very valuable when embedded in institutions with mechanisms to ensure compliance. For instance if an EU-funded project does not comply with research ethics obligations, funding might be withheld or the project suspended. So there are ways to ensure compliance to ethical requirements.<\/p>\t\t\t\t\t\t\t\t<\/div>\n\t\t\t\t<\/div>\n\t\t\t\t<div class=\"elementor-element elementor-element-98307c9 elementor-widget elementor-widget-text-editor\" data-id=\"98307c9\" data-element_type=\"widget\" data-e-type=\"widget\" data-widget_type=\"text-editor.default\">\n\t\t\t\t<div class=\"elementor-widget-container\">\n\t\t\t\t\t\t\t\t\t<p>In 2020-2021, the European Commission developed a research ethics framework for EU-funded projects using and\/or developing AI. The <a href=\"https:\/\/www.sienna-project.eu\/\" target=\"_blank\" rel=\"noopener\">SIENNA<\/a> project had the chance to contribute to this effort and suggested ways to identify and mitigate ethics issues raised by projects using and\/or developing AI systems or techniques. This <a href=\"https:\/\/ec.europa.eu\/info\/funding-tenders\/opportunities\/docs\/2021-2027\/common\/guidance\/how-to-complete-your-ethics-self-assessment_en.pdf\" target=\"_blank\" rel=\"noopener\">framework<\/a> is now in place and has become a requirement for all projects funded under the new <a href=\"https:\/\/ec.europa.eu\/info\/funding-tenders\/opportunities\/docs\/2021-2027\/horizon\/guidance\/ethics-by-design-and-ethics-of-use-approaches-for-artificial-intelligence_he_en.pdf\" target=\"_blank\" rel=\"noopener\">Horizon Europe Framework Program<\/a> that will be in place for the next seven years. So it\u2019s going be interesting to see how it works and we already look forward to suggesting ways to further enhance it.<\/p>\t\t\t\t\t\t\t\t<\/div>\n\t\t\t\t<\/div>\n\t\t\t\t<div class=\"elementor-element elementor-element-10418d7 elementor-widget elementor-widget-text-editor\" data-id=\"10418d7\" data-element_type=\"widget\" data-e-type=\"widget\" data-widget_type=\"text-editor.default\">\n\t\t\t\t<div class=\"elementor-widget-container\">\n\t\t\t\t\t\t\t\t\t<p>This is the first approach to ethics, ethics as embedded in institutional frameworks and there is assuredly the need to develop further this approach for the ethics of AI.<\/p>\t\t\t\t\t\t\t\t<\/div>\n\t\t\t\t<\/div>\n\t\t\t\t<div class=\"elementor-element elementor-element-d17a8da elementor-widget elementor-widget-text-editor\" data-id=\"d17a8da\" data-element_type=\"widget\" data-e-type=\"widget\" data-widget_type=\"text-editor.default\">\n\t\t\t\t<div class=\"elementor-widget-container\">\n\t\t\t\t\t\t\t\t\t<p><strong>And this seems to be the dominant way of thinking about AI ethics today. <\/strong><\/p>\t\t\t\t\t\t\t\t<\/div>\n\t\t\t\t<\/div>\n\t\t\t\t<div class=\"elementor-element elementor-element-73a688c elementor-widget elementor-widget-text-editor\" data-id=\"73a688c\" data-element_type=\"widget\" data-e-type=\"widget\" data-widget_type=\"text-editor.default\">\n\t\t\t\t<div class=\"elementor-widget-container\">\n\t\t\t\t\t\t\t\t\t<p>But there is also another aspect of ethics \u2013 very important although quite neglected. And it is actually the source of the first one that I have just discussed. This is what we developed in the <a href=\"https:\/\/www.sienna-project.eu\/digitalAssets\/915\/c_915542-l_1-k_ethics-as-attention_sienna_jan-2021.pdf\">Ethics as Attention to Context<\/a> piece in the SIENNA project where ethics is more fundamentally seen as an open and continuously renewed attention to the world and to the new as it emerges.<\/p>\t\t\t\t\t\t\t\t<\/div>\n\t\t\t\t<\/div>\n\t\t\t\t<div class=\"elementor-element elementor-element-33092ed elementor-widget elementor-widget-text-editor\" data-id=\"33092ed\" data-element_type=\"widget\" data-e-type=\"widget\" data-widget_type=\"text-editor.default\">\n\t\t\t\t<div class=\"elementor-widget-container\">\n\t\t\t\t\t\t\t\t\t<p>This is where we come back more specifically to ethics as a way to reduce the cognitive and perceptive inertia. Here ethics is not about saying what we should or should not do as opposed to the first approach. It\u2019s rather an attitude towards the world characterized by the attention and ability to determine the norms. Because only when we see the new that is happening, we are in a position to determine how to deal with it.<\/p>\t\t\t\t\t\t\t\t<\/div>\n\t\t\t\t<\/div>\n\t\t\t\t<div class=\"elementor-element elementor-element-6a7adaf6 elementor-icon-list--layout-traditional elementor-list-item-link-full_width elementor-widget elementor-widget-icon-list\" data-id=\"6a7adaf6\" data-element_type=\"widget\" data-e-type=\"widget\" data-widget_type=\"icon-list.default\">\n\t\t\t\t<div class=\"elementor-widget-container\">\n\t\t\t\t\t\t\t<ul class=\"elementor-icon-list-items\">\n\t\t\t\t\t\t\t<li class=\"elementor-icon-list-item\">\n\t\t\t\t\t\t\t\t\t\t\t<span class=\"elementor-icon-list-icon\">\n\t\t\t\t\t\t\t<i aria-hidden=\"true\" class=\"fas fa-quote-left\"><\/i>\t\t\t\t\t\t<\/span>\n\t\t\t\t\t\t\t\t\t\t<span class=\"elementor-icon-list-text\">When ethics as soft law is not embedded within institutional frameworks, it becomes indeed \u201etoothless\u201d. But it can be very valuable when embedded in institutions with mechanisms to ensure compliance. <\/span>\n\t\t\t\t\t\t\t\t\t<\/li>\n\t\t\t\t\t\t\t\t<li class=\"elementor-icon-list-item\">\n\t\t\t\t\t\t\t\t\t\t<span class=\"elementor-icon-list-text\"><\/span>\n\t\t\t\t\t\t\t\t\t<\/li>\n\t\t\t\t\t\t<\/ul>\n\t\t\t\t\t\t<\/div>\n\t\t\t\t<\/div>\n\t\t\t\t<div class=\"elementor-element elementor-element-9fafee0 elementor-widget elementor-widget-text-editor\" data-id=\"9fafee0\" data-element_type=\"widget\" data-e-type=\"widget\" data-widget_type=\"text-editor.default\">\n\t\t\t\t<div class=\"elementor-widget-container\">\n\t\t\t\t\t\t\t\t\t<p>This is more an attitude, a form of ethical agency, than a judgement saying you should do this or that. The notion of \u201enormative capacity\u201d developed by a French philosopher of medicine Georges Canguilhem is helpful to clarify what is attitude or capactiy is about. It\u2019s a capacity to determine the norm, not the norms themselves.<\/p>\t\t\t\t\t\t\t\t<\/div>\n\t\t\t\t<\/div>\n\t\t\t\t<div class=\"elementor-element elementor-element-714585a elementor-widget elementor-widget-text-editor\" data-id=\"714585a\" data-element_type=\"widget\" data-e-type=\"widget\" data-widget_type=\"text-editor.default\">\n\t\t\t\t<div class=\"elementor-widget-container\">\n\t\t\t\t\t\t\t\t\t<p><strong>Could you elaborate on this distinction a little more?<\/strong><\/p>\t\t\t\t\t\t\t\t<\/div>\n\t\t\t\t<\/div>\n\t\t\t\t<div class=\"elementor-element elementor-element-9e7e0a5 elementor-widget elementor-widget-text-editor\" data-id=\"9e7e0a5\" data-element_type=\"widget\" data-e-type=\"widget\" data-widget_type=\"text-editor.default\">\n\t\t\t\t<div class=\"elementor-widget-container\">\n\t\t\t\t\t\t\t\t\t<p>We should distinguish these two approaches to ethics because their confusion gives ground to the manipulation of ethics. We\u2019ve seen industry actors pushing strong for an ethical response to the regulation of AI. They favored the open-ended nature of ethics to avoid hard lines to be set on what they can do and cannot do with this technology. But this is made possible by a confusion between ethics as soft law and ethics as an open-ended process of reflection and attention.\u00a0<\/p>\t\t\t\t\t\t\t\t<\/div>\n\t\t\t\t<\/div>\n\t\t\t\t<div class=\"elementor-element elementor-element-a52d539 elementor-widget elementor-widget-text-editor\" data-id=\"a52d539\" data-element_type=\"widget\" data-e-type=\"widget\" data-widget_type=\"text-editor.default\">\n\t\t\t\t<div class=\"elementor-widget-container\">\n\t\t\t\t\t\t\t\t\t<p>We have a technology that is bringing significant, deep transformation to the world, to who we are, to our relations and so on. That\u2019s why we need to be acutely aware of these changes to make sure we can guide this transformation, maybe resist some of its harmful developments as well as promote the beneficial ones.<\/p>\t\t\t\t\t\t\t\t<\/div>\n\t\t\t\t<\/div>\n\t\t\t\t<div class=\"elementor-element elementor-element-c4d85e9 elementor-widget elementor-widget-text-editor\" data-id=\"c4d85e9\" data-element_type=\"widget\" data-e-type=\"widget\" data-widget_type=\"text-editor.default\">\n\t\t\t\t<div class=\"elementor-widget-container\">\n\t\t\t\t\t\t\t\t\t<p>And this is where the second notion of ethics comes back to the first notion. Because once we are able to see what is happening we can then ask ourselves what we should do.<\/p>\t\t\t\t\t\t\t\t<\/div>\n\t\t\t\t<\/div>\n\t\t\t\t<div class=\"elementor-element elementor-element-75d2f5b8 elementor-widget elementor-widget-text-editor\" data-id=\"75d2f5b8\" data-element_type=\"widget\" data-e-type=\"widget\" data-widget_type=\"text-editor.default\">\n\t\t\t\t<div class=\"elementor-widget-container\">\n\t\t\t\t\t\t\t\t\t<p><strong>When one is thinking about a possible taxonomy of AI ethics, three general approaches come to mind: the already mentioned legalistic one, the operational one, and the critical one. While the first one seems quite clear as it\u2019s focused on defining principles and norms, the other two may be a little less obvious. So the example of the operational approach for me is <\/strong><a href=\"https:\/\/sienna-project.eu\/digitalAssets\/915\/c_915554-l_1-k_sienna-ethics-by-design-and-ethics-of-use.pdf\"><strong>Ethics by Design<\/strong><\/a><strong>, while a critical approach could be exemplified by what you call for, namely Ethics as Attention to Context. However if we assume that attention to context would mean looking critically at the surrounding world, I suppose lots of people would say this is a negative approach focused mainly on banning things. Is there a positive component to it so that it can be turned into something constructive?<\/strong><\/p>\t\t\t\t\t\t\t\t<\/div>\n\t\t\t\t<\/div>\n\t\t\t\t<div class=\"elementor-element elementor-element-18323460 elementor-widget elementor-widget-text-editor\" data-id=\"18323460\" data-element_type=\"widget\" data-e-type=\"widget\" data-widget_type=\"text-editor.default\">\n\t\t\t\t<div class=\"elementor-widget-container\">\n\t\t\t\t\t\t\t\t\t<p>I think so. I am concerned about the fact that sometimes critical approach is just negative and doesn\u2019t contribute positively to what is being developed. But it\u2019s also because sometimes you do wonder when you see some innovation in AI. For instance, recently OpenAI developed a system, <a href=\"https:\/\/openai.com\/dall-e-2\/\" target=\"_blank\" rel=\"noopener\">DALL.E 2<\/a> which, although it is highly innovative and powerful, is also generating very sexist and racist images out of text. So I do understand there might be some resentment within the community toward this. Maybe that leads to this critical approach being negative.<\/p>\t\t\t\t\t\t\t\t<\/div>\n\t\t\t\t<\/div>\n\t\t\t\t<div class=\"elementor-element elementor-element-2db13b3d elementor-widget elementor-widget-text-editor\" data-id=\"2db13b3d\" data-element_type=\"widget\" data-e-type=\"widget\" data-widget_type=\"text-editor.default\">\n\t\t\t\t<div class=\"elementor-widget-container\">\n\t\t\t\t\t\t\t\t\t<p>But I do think that we should be simultanously critical and constructive. That\u2019s what we have to try to do with the Ethics as Attention to Context paper, to orient research and the AI sector in a way that is more beneficial for the society. That is a challenge especially with very powerful actors like Google and Facebook with whom there is a huge power assymetry. But I think that we should remain critical as well as contribute positively to all this.<\/p>\t\t\t\t\t\t\t\t<\/div>\n\t\t\t\t<\/div>\n\t\t\t\t<div class=\"elementor-element elementor-element-6b5acbaf elementor-widget elementor-widget-text-editor\" data-id=\"6b5acbaf\" data-element_type=\"widget\" data-e-type=\"widget\" data-widget_type=\"text-editor.default\">\n\t\t\t\t<div class=\"elementor-widget-container\">\n\t\t\t\t\t\t\t\t\t<p><strong>In the SIENNA deliverables, it is mentioned that in the case of both Ethics by Design and Ethics as Attention to Context the AI practitioners whom you surveyed were calling for more practical and usable AI ethics. So it seems that in both cases the rationale was quite the same: to give people something more than just a collection of high level principles. The critical (contextual) approach seems to be an engine that helps thinking in the operational terms, doesn\u2019t it?<\/strong><\/p>\t\t\t\t\t\t\t\t<\/div>\n\t\t\t\t<\/div>\n\t\t\t\t<div class=\"elementor-element elementor-element-3d75a27d elementor-widget elementor-widget-text-editor\" data-id=\"3d75a27d\" data-element_type=\"widget\" data-e-type=\"widget\" data-widget_type=\"text-editor.default\">\n\t\t\t\t<div class=\"elementor-widget-container\">\n\t\t\t\t\t\t\t\t\t<p>I think the critical approach has really practical intentions to contribute to practices and decisions that are made. <a href=\"https:\/\/open-research-europe.ec.europa.eu\/articles\/1-27\" target=\"_blank\" rel=\"noopener\">Our deliverable<\/a> starts with quite a critique of the dominant approach, then makes a proposal and then operationalizes this proposal into a number of practical recommendations addressed to different stakeholders in the field. So there is this operational element.<\/p>\t\t\t\t\t\t\t\t<\/div>\n\t\t\t\t<\/div>\n\t\t\t\t<div class=\"elementor-element elementor-element-f735970 elementor-widget elementor-widget-text-editor\" data-id=\"f735970\" data-element_type=\"widget\" data-e-type=\"widget\" data-widget_type=\"text-editor.default\">\n\t\t\t\t<div class=\"elementor-widget-container\">\n\t\t\t\t\t\t\t\t\t<p>It is also worth mentioning that sometimes the operational approach alone makes it seem too easy to implement really complex values or notions (e.g. fairness) in technology development. For instance, we have to respect the principle of fairness but on the other hand we know that it really is a major challenge to implement this in a society which is fundamentally unequal and unfair. So I think it is important that the critical approach always highlight that it is not so easy. You need to pay attention to ensure we don\u2019t simply pay lip service to this really important principle.<\/p>\t\t\t\t\t\t\t\t<\/div>\n\t\t\t\t<\/div>\n\t\t\t\t<div class=\"elementor-element elementor-element-bc2ca83 elementor-widget elementor-widget-text-editor\" data-id=\"bc2ca83\" data-element_type=\"widget\" data-e-type=\"widget\" data-widget_type=\"text-editor.default\">\n\t\t\t\t<div class=\"elementor-widget-container\">\n\t\t\t\t\t\t\t\t\t<p>The Ethics by Design and Ethics as Attention to Context offer different solutions or proposals to operationalize AI ethics and they do they complement each other. We didn\u2019t have a chance to do that in the SIENNA project but we should bring them together. This should probably be the object of a future research project.<\/p>\t\t\t\t\t\t\t\t<\/div>\n\t\t\t\t<\/div>\n\t\t\t\t<div class=\"elementor-element elementor-element-7a4f439 elementor-widget elementor-widget-text-editor\" data-id=\"7a4f439\" data-element_type=\"widget\" data-e-type=\"widget\" data-widget_type=\"text-editor.default\">\n\t\t\t\t<div class=\"elementor-widget-container\">\n\t\t\t\t\t\t\t\t\t<p><strong>You say that Ethics as Attention to Context is also about enabling ethical agency, which is essential when we think about moral reasoning or moral evaluation. On the other hand, some people expect AI ethics to be (semi)automated or translated into a collection of algorithms that could be easily followed without much reflection. Do you believe that those two expectations could go hand in hand or maybe they exclude each other?<\/strong><\/p>\t\t\t\t\t\t\t\t<\/div>\n\t\t\t\t<\/div>\n\t\t\t\t<div class=\"elementor-element elementor-element-c56f22b elementor-widget elementor-widget-text-editor\" data-id=\"c56f22b\" data-element_type=\"widget\" data-e-type=\"widget\" data-widget_type=\"text-editor.default\">\n\t\t\t\t<div class=\"elementor-widget-container\">\n\t\t\t\t\t\t\t\t\t<p>This question is becoming increasingly discussed. I am quite radical here. Talking about machines making moral deliberation makes no sense.<\/p>\t\t\t\t\t\t\t\t<\/div>\n\t\t\t\t<\/div>\n\t\t\t\t<div class=\"elementor-element elementor-element-34958f8 elementor-widget elementor-widget-text-editor\" data-id=\"34958f8\" data-element_type=\"widget\" data-e-type=\"widget\" data-widget_type=\"text-editor.default\">\n\t\t\t\t<div class=\"elementor-widget-container\">\n\t\t\t\t\t\t\t\t\t<p>Obviously, we do need to acknowledge that norms, values and worldviews are embedded into AI systems. It\u2019s very important to be aware of this. For instance, particular views on gender roles are at stake when voice assistants are systematically given a female voice. There is this famous quote from the historian of technology Melvin Kranzberg that says <em>technology is neither good nor bad, nor is it neutral<\/em>. We should examine technology because it\u2019s not neutral.<\/p>\t\t\t\t\t\t\t\t<\/div>\n\t\t\t\t<\/div>\n\t\t\t\t<div class=\"elementor-element elementor-element-53e657b elementor-widget elementor-widget-text-editor\" data-id=\"53e657b\" data-element_type=\"widget\" data-e-type=\"widget\" data-widget_type=\"text-editor.default\">\n\t\t\t\t<div class=\"elementor-widget-container\">\n\t\t\t\t\t\t\t\t\t<p>But this is very different from saying that technology, a machine, or an algorithm can do moral deliberation. Humans remain the only moral agents. Especially if we define ethics as attention to context, it cannot be automated. And it is very dangerous to pretend it could. We can for sure embed particular values within a system but it doesn\u2019t mean the system is making moral deliberation. We should really avoid pretending that machine can make it because it\u2019s a way of not taking our responsibility for what we build. I think this is a dangerous slope.<\/p>\t\t\t\t\t\t\t\t<\/div>\n\t\t\t\t<\/div>\n\t\t\t\t<div class=\"elementor-element elementor-element-c45905d elementor-widget elementor-widget-text-editor\" data-id=\"c45905d\" data-element_type=\"widget\" data-e-type=\"widget\" data-widget_type=\"text-editor.default\">\n\t\t\t\t<div class=\"elementor-widget-container\">\n\t\t\t\t\t\t\t\t\t<p><strong>Aside from the artificial moral agents, which is an issue on which I absolutely agree with your point of view, there is another aspect to that question. It might be not so much about creating the moral machines as rather about getting support when one does not have the required background to deal with ethical issues. Engineers might say: Ok, we will start with ethics now but the process will take two or three years instead of one year. So there is a problem how to deal with those questions, especially with people whose expertise in ethics is limited. Is it possible to reach some balance between the automation and reflection here?<\/strong><\/p>\t\t\t\t\t\t\t\t<\/div>\n\t\t\t\t<\/div>\n\t\t\t\t<div class=\"elementor-element elementor-element-e645cf7 elementor-widget elementor-widget-text-editor\" data-id=\"e645cf7\" data-element_type=\"widget\" data-e-type=\"widget\" data-widget_type=\"text-editor.default\">\n\t\t\t\t<div class=\"elementor-widget-container\">\n\t\t\t\t\t\t\t\t\t<p>Maybe the Ethics by Design framework is a way to seek this balance by providing some resources to do this moral deliberation and by breaking it down into more specific steps. I think it always requires to be rethought and put into perspective.<\/p>\t\t\t\t\t\t\t\t<\/div>\n\t\t\t\t<\/div>\n\t\t\t\t<div class=\"elementor-element elementor-element-6f45e93 elementor-widget elementor-widget-text-editor\" data-id=\"6f45e93\" data-element_type=\"widget\" data-e-type=\"widget\" data-widget_type=\"text-editor.default\">\n\t\t\t\t<div class=\"elementor-widget-container\">\n\t\t\t\t\t\t\t\t\t<p>And the more potentially harmful a system is, the more time and attention it will require to be properly assessed. That\u2019s the risk-based approach that is put forward by the European Commission. And maybe we can consider that for high risk systems we should make sure to have experts in ethical and social considerations in the developing teams. Probably there are systems where it is not so needed. We can have different approaches depending on the level of risk that a system causes. But again this would raise the question who and how would determine the potential risk of a system.<\/p>\t\t\t\t\t\t\t\t<\/div>\n\t\t\t\t<\/div>\n\t\t\t\t<div class=\"elementor-element elementor-element-c0436fd elementor-icon-list--layout-traditional elementor-list-item-link-full_width elementor-widget elementor-widget-icon-list\" data-id=\"c0436fd\" data-element_type=\"widget\" data-e-type=\"widget\" data-widget_type=\"icon-list.default\">\n\t\t\t\t<div class=\"elementor-widget-container\">\n\t\t\t\t\t\t\t<ul class=\"elementor-icon-list-items\">\n\t\t\t\t\t\t\t<li class=\"elementor-icon-list-item\">\n\t\t\t\t\t\t\t\t\t\t\t<span class=\"elementor-icon-list-icon\">\n\t\t\t\t\t\t\t<i aria-hidden=\"true\" class=\"fas fa-quote-left\"><\/i>\t\t\t\t\t\t<\/span>\n\t\t\t\t\t\t\t\t\t\t<span class=\"elementor-icon-list-text\">We should be simultanously critical and constructive. We need to orient research and the AI sector in a way that is more beneficial for the society. That is a challenge especially with very powerful actors like Google and Facebook with whom there is a huge power assymetry.<\/span>\n\t\t\t\t\t\t\t\t\t<\/li>\n\t\t\t\t\t\t\t\t<li class=\"elementor-icon-list-item\">\n\t\t\t\t\t\t\t\t\t\t<span class=\"elementor-icon-list-text\"><\/span>\n\t\t\t\t\t\t\t\t\t<\/li>\n\t\t\t\t\t\t<\/ul>\n\t\t\t\t\t\t<\/div>\n\t\t\t\t<\/div>\n\t\t\t\t<div class=\"elementor-element elementor-element-1296820 elementor-widget elementor-widget-text-editor\" data-id=\"1296820\" data-element_type=\"widget\" data-e-type=\"widget\" data-widget_type=\"text-editor.default\">\n\t\t\t\t<div class=\"elementor-widget-container\">\n\t\t\t\t\t\t\t\t\t<p>But I do believe that we need to develop AI ethics tools at different levels, starting from training of engineers. We should also have more social scientists and ethicists within teams that develop technology. Ethical issues shouldn\u2019t be all delegated to engineers or developers who are not experts in these aspects.<\/p>\t\t\t\t\t\t\t\t<\/div>\n\t\t\t\t<\/div>\n\t\t\t\t<div class=\"elementor-element elementor-element-b50395a elementor-widget elementor-widget-text-editor\" data-id=\"b50395a\" data-element_type=\"widget\" data-e-type=\"widget\" data-widget_type=\"text-editor.default\">\n\t\t\t\t<div class=\"elementor-widget-container\">\n\t\t\t\t\t\t\t\t\t<p><strong>Ethics as Attention to Context is about technology\u2019s materialities, political realities as well as relations of power. These are all serious issues and very hard to tackle. In my view, to achieve the goals of the critical approach (here I also refer to recent books by Kate Crawford, Peter Dauvergne and Mark Coeckelbergh) we would probably need a sort of revolution in thinking about how the world is organized. So do you believe that certain solutions in this area can be put in practice step by step, or do we need to change the global attitude first?<\/strong><\/p>\t\t\t\t\t\t\t\t<\/div>\n\t\t\t\t<\/div>\n\t\t\t\t<div class=\"elementor-element elementor-element-60e5d94 elementor-widget elementor-widget-text-editor\" data-id=\"60e5d94\" data-element_type=\"widget\" data-e-type=\"widget\" data-widget_type=\"text-editor.default\">\n\t\t\t\t<div class=\"elementor-widget-container\">\n\t\t\t\t\t\t\t\t\t<p>Indeed, it\u2019s very challenging. I think that the critical perspective needs to be continuously restarted. There can be no end to our efforts because we don\u2019t live in a perfect world. And if we give up on the critical perspective the situation will become really dangerous in many different ways. For AI, it\u2019s now clear that a number of key issues like bias or discrimination cannot be addressed simply from a technical perspective as the biases and discriminatory impacts keep coming back.<\/p>\t\t\t\t\t\t\t\t<\/div>\n\t\t\t\t<\/div>\n\t\t\t\t<div class=\"elementor-element elementor-element-383420a elementor-widget elementor-widget-text-editor\" data-id=\"383420a\" data-element_type=\"widget\" data-e-type=\"widget\" data-widget_type=\"text-editor.default\">\n\t\t\t\t<div class=\"elementor-widget-container\">\n\t\t\t\t\t\t\t\t\t<p>I\u2019ve already mentioned the recent image generator from OpenAI called DALL\u00b7E 2. It creates really amazing images just from text. But at the same time when it\u2019s asked to represent an image of a nurse or an assistant it brings images of women. How in 2022 can you have technology that brings such reactionary outputs? That\u2019s really disappointing. But AI systems are not racist nor sexist in and of themselves. They just reflect the society. And society so far has been structured this way.<\/p>\t\t\t\t\t\t\t\t<\/div>\n\t\t\t\t<\/div>\n\t\t\t\t<div class=\"elementor-element elementor-element-6c62b63 elementor-widget elementor-widget-text-editor\" data-id=\"6c62b63\" data-element_type=\"widget\" data-e-type=\"widget\" data-widget_type=\"text-editor.default\">\n\t\t\t\t<div class=\"elementor-widget-container\">\n\t\t\t\t\t\t\t\t\t<p>But I am also optimistic. There is an increasing acknowledgment that you cannot neglect those deeply contextual elements anymore and so this more holistic approach is being recognised in the field as necessary. The challenge is to find ways to operationalize this understanding. Bringing in social scientists and ensuring diversity in teams developing these systems can really make a difference.<\/p>\t\t\t\t\t\t\t\t<\/div>\n\t\t\t\t<\/div>\n\t\t\t\t<div class=\"elementor-element elementor-element-8de9920 elementor-widget elementor-widget-text-editor\" data-id=\"8de9920\" data-element_type=\"widget\" data-e-type=\"widget\" data-widget_type=\"text-editor.default\">\n\t\t\t\t<div class=\"elementor-widget-container\">\n\t\t\t\t\t\t\t\t\t<p><strong>Where would you expect the shift towards this contextual approach to start from? Among the AI practitioners as a bottom-up trend or maybe as a top-down initiative undertaken by some governmental or industrial bodies?<\/strong><\/p>\t\t\t\t\t\t\t\t<\/div>\n\t\t\t\t<\/div>\n\t\t\t\t<div class=\"elementor-element elementor-element-143779d elementor-widget elementor-widget-text-editor\" data-id=\"143779d\" data-element_type=\"widget\" data-e-type=\"widget\" data-widget_type=\"text-editor.default\">\n\t\t\t\t<div class=\"elementor-widget-container\">\n\t\t\t\t\t\t\t\t\t<p>We need efforts from everyone, from all different kinds of position within the AI field. <a href=\"https:\/\/zenodo.org\/record\/5536176\">The SIENNA deliverable 5.4<\/a> starts with the Multistakeholder strategy highligthing the need to have all different parts of the society play a role including civil society, media, policy makers, AI developers, ethicists and so on. This really broad approach is neccessary because we are dealing with a technology that is very pervasive and has impact in many different areas of the society.<\/p>\t\t\t\t\t\t\t\t<\/div>\n\t\t\t\t<\/div>\n\t\t\t\t<div class=\"elementor-element elementor-element-e607403 elementor-widget elementor-widget-text-editor\" data-id=\"e607403\" data-element_type=\"widget\" data-e-type=\"widget\" data-widget_type=\"text-editor.default\">\n\t\t\t\t<div class=\"elementor-widget-container\">\n\t\t\t\t\t\t\t\t\t<p>\u00a0<\/p><p><strong>Disclaimer<\/strong>: This interview presents the position of Dr Ana\u00efs Ress\u00e9guier, based on results from the SIENNA project. It does not present the position of the SIENNA project as a whole, nor of Trilateral Research.<\/p><p>\u00a0<\/p>\t\t\t\t\t\t\t\t<\/div>\n\t\t\t\t<\/div>\n\t\t\t\t<div class=\"elementor-element elementor-element-dbdf357 elementor-widget elementor-widget-image\" data-id=\"dbdf357\" data-element_type=\"widget\" data-e-type=\"widget\" data-widget_type=\"image.default\">\n\t\t\t\t<div class=\"elementor-widget-container\">\n\t\t\t\t\t\t\t\t\t\t\t\t\t\t\t<img fetchpriority=\"high\" decoding=\"async\" width=\"251\" height=\"300\" src=\"https:\/\/ethicstech.eu\/wp-content\/uploads\/2022\/06\/Anais-Resseguier-1-\u2014-kopia-\u2014-kopia-251x300.jpg\" class=\"attachment-medium size-medium wp-image-6450\" alt=\"\" srcset=\"https:\/\/ethicstech.eu\/wp-content\/uploads\/2022\/06\/Anais-Resseguier-1-\u2014-kopia-\u2014-kopia-251x300.jpg 251w, https:\/\/ethicstech.eu\/wp-content\/uploads\/2022\/06\/Anais-Resseguier-1-\u2014-kopia-\u2014-kopia-857x1024.jpg 857w, https:\/\/ethicstech.eu\/wp-content\/uploads\/2022\/06\/Anais-Resseguier-1-\u2014-kopia-\u2014-kopia-768x917.jpg 768w, https:\/\/ethicstech.eu\/wp-content\/uploads\/2022\/06\/Anais-Resseguier-1-\u2014-kopia-\u2014-kopia-1286x1536.jpg 1286w, https:\/\/ethicstech.eu\/wp-content\/uploads\/2022\/06\/Anais-Resseguier-1-\u2014-kopia-\u2014-kopia-1714x2048.jpg 1714w, https:\/\/ethicstech.eu\/wp-content\/uploads\/2022\/06\/Anais-Resseguier-1-\u2014-kopia-\u2014-kopia.jpg 1953w\" sizes=\"(max-width: 251px) 100vw, 251px\" \/>\t\t\t\t\t\t\t\t\t\t\t\t\t\t\t<\/div>\n\t\t\t\t<\/div>\n\t\t\t\t<div class=\"elementor-element elementor-element-7b95b9b8 elementor-widget elementor-widget-text-editor\" data-id=\"7b95b9b8\" data-element_type=\"widget\" data-e-type=\"widget\" data-widget_type=\"text-editor.default\">\n\t\t\t\t<div class=\"elementor-widget-container\">\n\t\t\t\t\t\t\t\t\t<p>* <strong>Dr Ana\u00efs Ress\u00e9guier<\/strong> \u2013 Senior Research Analyst at <a href=\"https:\/\/trilateralresearch.com\/\" target=\"_blank\" rel=\"noopener\">Trilateral Research<\/a> where she conducts research on the ethics of new and emerging technologies, especially Artificial Intelligence. She carries out this research as part of EU-funded projects, such as <a href=\"https:\/\/www.techethos.eu\/\" target=\"_blank\" rel=\"noopener\">TechEthos<\/a> and <a href=\"https:\/\/www.sienna-project.eu\/\" target=\"_blank\" rel=\"noopener\">SIENNA<\/a>. She is particularly keen to shift the focus of attention in AI ethics away from high-level abstract principles to concrete practices, contexts and social, political and environmental materialities. <br \/>Dr Ress\u00e9guier is trained in philosophy, ethics and the social sciences. She enjoys working across different disciplines and engaging with a wide range of stakeholders to gain insights on current socio-technical developments and to contribute to shaping these.<\/p>\t\t\t\t\t\t\t\t<\/div>\n\t\t\t\t<\/div>\n\t\t\t\t<div class=\"elementor-element elementor-element-a20e7a7 elementor-widget elementor-widget-text-editor\" data-id=\"a20e7a7\" data-element_type=\"widget\" data-e-type=\"widget\" data-widget_type=\"text-editor.default\">\n\t\t\t\t<div class=\"elementor-widget-container\">\n\t\t\t\t\t\t\t\t\t<p>\u00a0<\/p><p>Przeczytaj polsk\u0105 wersj\u0119 rozmowy<a href=\"https:\/\/ethicstech.eu\/anais-resseguier-podejscie-krytyczne-do-ai-to-ciagle-zaczynanie-od-nowa\/\"><strong> TUTAJ<\/strong><\/a><\/p>\t\t\t\t\t\t\t\t<\/div>\n\t\t\t\t<\/div>\n\t\t\t\t\t<\/div>\n\t\t<\/div>\n\t\t\t\t\t<\/div>\n\t\t<\/section>\n\t\t\t\t\t<\/div>\n\t\t<\/div>\n\t\t\t\t\t<\/div>\n\t\t<\/section>\n\t\t\t\t<section class=\"elementor-section elementor-top-section elementor-element elementor-element-ff09c34 elementor-section-boxed elementor-section-height-default elementor-section-height-default\" data-id=\"ff09c34\" data-element_type=\"section\" data-e-type=\"section\">\n\t\t\t\t\t\t<div class=\"elementor-container elementor-column-gap-default\">\n\t\t\t\t\t<div class=\"elementor-column elementor-col-100 elementor-top-column elementor-element elementor-element-78e77150\" data-id=\"78e77150\" data-element_type=\"column\" data-e-type=\"column\">\n\t\t\t<div class=\"elementor-widget-wrap elementor-element-populated\">\n\t\t\t\t\t\t<div class=\"elementor-element elementor-element-6baeefe3 elementor-widget-divider--view-line elementor-widget elementor-widget-divider\" data-id=\"6baeefe3\" data-element_type=\"widget\" data-e-type=\"widget\" data-widget_type=\"divider.default\">\n\t\t\t\t<div class=\"elementor-widget-container\">\n\t\t\t\t\t\t\t<div class=\"elementor-divider\">\n\t\t\t<span class=\"elementor-divider-separator\">\n\t\t\t\t\t\t<\/span>\n\t\t<\/div>\n\t\t\t\t\t\t<\/div>\n\t\t\t\t<\/div>\n\t\t\t\t\t<\/div>\n\t\t<\/div>\n\t\t\t\t\t<\/div>\n\t\t<\/section>\n\t\t\t\t<section class=\"elementor-section elementor-top-section elementor-element elementor-element-6a2d2191 elementor-section-boxed elementor-section-height-default elementor-section-height-default\" data-id=\"6a2d2191\" data-element_type=\"section\" data-e-type=\"section\" data-settings=\"{&quot;background_background&quot;:&quot;classic&quot;}\">\n\t\t\t\t\t\t<div class=\"elementor-container elementor-column-gap-default\">\n\t\t\t\t\t<div class=\"elementor-column elementor-col-100 elementor-top-column elementor-element elementor-element-47b9da02\" data-id=\"47b9da02\" data-element_type=\"column\" data-e-type=\"column\">\n\t\t\t<div class=\"elementor-widget-wrap elementor-element-populated\">\n\t\t\t\t\t\t<div class=\"elementor-element elementor-element-29c32466 elementor-widget-divider--view-line elementor-widget elementor-widget-divider\" data-id=\"29c32466\" data-element_type=\"widget\" data-e-type=\"widget\" data-widget_type=\"divider.default\">\n\t\t\t\t<div class=\"elementor-widget-container\">\n\t\t\t\t\t\t\t<div class=\"elementor-divider\">\n\t\t\t<span class=\"elementor-divider-separator\">\n\t\t\t\t\t\t<\/span>\n\t\t<\/div>\n\t\t\t\t\t\t<\/div>\n\t\t\t\t<\/div>\n\t\t\t\t\t<\/div>\n\t\t<\/div>\n\t\t\t\t\t<\/div>\n\t\t<\/section>\n\t\t\t\t<\/div>\n\t\t","protected":false},"excerpt":{"rendered":"<p class=\"excerpt\">We tend to consider AI as a highly sophisticated technology that would be almost intangible. As a result we cannot see all its impacts. So we need to look at the whole AI lifecycle. Interview with Dr. Ana\u00efs Ress\u00e9guier.<\/p>\n","protected":false},"author":5,"featured_media":6440,"comment_status":"closed","ping_status":"closed","sticky":false,"template":"template-blank.php","format":"standard","meta":{"footnotes":""},"categories":[16],"tags":[],"class_list":["post-6470","post","type-post","status-publish","format-standard","has-post-thumbnail","hentry","category-uncategorized"],"yoast_head":"<!-- This site is optimized with the Yoast SEO plugin v27.4 - https:\/\/yoast.com\/product\/yoast-seo-wordpress\/ -->\n<title>Ana\u00efs Ress\u00e9guier: The critical approach to AI needs to be continuously restarted - Centrum Etyki Technologii<\/title>\n<meta name=\"description\" content=\"We tend to consider AI as an almost intangible technology. To see all its impacts we need to look at the whole AI lifecycle.\" \/>\n<meta name=\"robots\" content=\"index, follow, max-snippet:-1, max-image-preview:large, max-video-preview:-1\" \/>\n<link rel=\"canonical\" href=\"http:\/\/ethicstech.eu\/en\/anais-resseguier-the-critical-approach-to-ai-needs-to-be-continuously-restarted\/\" \/>\n<meta property=\"og:locale\" content=\"en_US\" \/>\n<meta property=\"og:type\" content=\"article\" \/>\n<meta property=\"og:title\" content=\"Ana\u00efs Ress\u00e9guier: The critical approach to AI needs to be continuously restarted - Centrum Etyki Technologii\" \/>\n<meta property=\"og:description\" content=\"We tend to consider AI as an almost intangible technology. To see all its impacts we need to look at the whole AI lifecycle.\" \/>\n<meta property=\"og:url\" content=\"http:\/\/ethicstech.eu\/en\/anais-resseguier-the-critical-approach-to-ai-needs-to-be-continuously-restarted\/\" \/>\n<meta property=\"og:site_name\" content=\"Centrum Etyki Technologii\" \/>\n<meta property=\"article:published_time\" content=\"2022-06-09T15:59:27+00:00\" \/>\n<meta property=\"article:modified_time\" content=\"2022-12-08T13:26:45+00:00\" \/>\n<meta property=\"og:image\" content=\"http:\/\/ethicstech.eu\/wp-content\/uploads\/2022\/06\/Anais-Resseguier-wywiad-3.png\" \/>\n\t<meta property=\"og:image:width\" content=\"1920\" \/>\n\t<meta property=\"og:image:height\" content=\"1080\" \/>\n\t<meta property=\"og:image:type\" content=\"image\/png\" \/>\n<meta name=\"author\" content=\"agagaj\" \/>\n<meta name=\"twitter:card\" content=\"summary_large_image\" \/>\n<script type=\"application\/ld+json\" class=\"yoast-schema-graph\">{\"@context\":\"https:\\\/\\\/schema.org\",\"@graph\":[{\"@type\":\"Article\",\"@id\":\"http:\\\/\\\/ethicstech.eu\\\/en\\\/anais-resseguier-the-critical-approach-to-ai-needs-to-be-continuously-restarted\\\/#article\",\"isPartOf\":{\"@id\":\"http:\\\/\\\/ethicstech.eu\\\/en\\\/anais-resseguier-the-critical-approach-to-ai-needs-to-be-continuously-restarted\\\/\"},\"author\":{\"name\":\"agagaj\",\"@id\":\"https:\\\/\\\/ethicstech.eu\\\/en\\\/#\\\/schema\\\/person\\\/2c2aeee8d36644f0f55f0c7e966b8491\"},\"headline\":\"Ana\u00efs Ress\u00e9guier: The critical approach to AI needs to be continuously restarted\",\"datePublished\":\"2022-06-09T15:59:27+00:00\",\"dateModified\":\"2022-12-08T13:26:45+00:00\",\"mainEntityOfPage\":{\"@id\":\"http:\\\/\\\/ethicstech.eu\\\/en\\\/anais-resseguier-the-critical-approach-to-ai-needs-to-be-continuously-restarted\\\/\"},\"wordCount\":3350,\"publisher\":{\"@id\":\"https:\\\/\\\/ethicstech.eu\\\/en\\\/#organization\"},\"image\":{\"@id\":\"http:\\\/\\\/ethicstech.eu\\\/en\\\/anais-resseguier-the-critical-approach-to-ai-needs-to-be-continuously-restarted\\\/#primaryimage\"},\"thumbnailUrl\":\"http:\\\/\\\/ethicstech.eu\\\/wp-content\\\/uploads\\\/2022\\\/06\\\/Anais-Resseguier-wywiad-3.png\",\"inLanguage\":\"en-US\"},{\"@type\":\"WebPage\",\"@id\":\"http:\\\/\\\/ethicstech.eu\\\/en\\\/anais-resseguier-the-critical-approach-to-ai-needs-to-be-continuously-restarted\\\/\",\"url\":\"http:\\\/\\\/ethicstech.eu\\\/en\\\/anais-resseguier-the-critical-approach-to-ai-needs-to-be-continuously-restarted\\\/\",\"name\":\"Ana\u00efs Ress\u00e9guier: The critical approach to AI needs to be continuously restarted - Centrum Etyki Technologii\",\"isPartOf\":{\"@id\":\"https:\\\/\\\/ethicstech.eu\\\/en\\\/#website\"},\"primaryImageOfPage\":{\"@id\":\"http:\\\/\\\/ethicstech.eu\\\/en\\\/anais-resseguier-the-critical-approach-to-ai-needs-to-be-continuously-restarted\\\/#primaryimage\"},\"image\":{\"@id\":\"http:\\\/\\\/ethicstech.eu\\\/en\\\/anais-resseguier-the-critical-approach-to-ai-needs-to-be-continuously-restarted\\\/#primaryimage\"},\"thumbnailUrl\":\"http:\\\/\\\/ethicstech.eu\\\/wp-content\\\/uploads\\\/2022\\\/06\\\/Anais-Resseguier-wywiad-3.png\",\"datePublished\":\"2022-06-09T15:59:27+00:00\",\"dateModified\":\"2022-12-08T13:26:45+00:00\",\"description\":\"We tend to consider AI as an almost intangible technology. To see all its impacts we need to look at the whole AI lifecycle.\",\"breadcrumb\":{\"@id\":\"http:\\\/\\\/ethicstech.eu\\\/en\\\/anais-resseguier-the-critical-approach-to-ai-needs-to-be-continuously-restarted\\\/#breadcrumb\"},\"inLanguage\":\"en-US\",\"potentialAction\":[{\"@type\":\"ReadAction\",\"target\":[\"http:\\\/\\\/ethicstech.eu\\\/en\\\/anais-resseguier-the-critical-approach-to-ai-needs-to-be-continuously-restarted\\\/\"]}]},{\"@type\":\"ImageObject\",\"inLanguage\":\"en-US\",\"@id\":\"http:\\\/\\\/ethicstech.eu\\\/en\\\/anais-resseguier-the-critical-approach-to-ai-needs-to-be-continuously-restarted\\\/#primaryimage\",\"url\":\"http:\\\/\\\/ethicstech.eu\\\/wp-content\\\/uploads\\\/2022\\\/06\\\/Anais-Resseguier-wywiad-3.png\",\"contentUrl\":\"http:\\\/\\\/ethicstech.eu\\\/wp-content\\\/uploads\\\/2022\\\/06\\\/Anais-Resseguier-wywiad-3.png\",\"width\":1920,\"height\":1080,\"caption\":\"Ilustracja wpisu_Ana\u00efs Ress\u00e9guier_Podej\u015bcie krytyczne do AI to ci\u0105g\u0142e zaczynanie od nowa\"},{\"@type\":\"BreadcrumbList\",\"@id\":\"http:\\\/\\\/ethicstech.eu\\\/en\\\/anais-resseguier-the-critical-approach-to-ai-needs-to-be-continuously-restarted\\\/#breadcrumb\",\"itemListElement\":[{\"@type\":\"ListItem\",\"position\":1,\"name\":\"Strona g\u0142\u00f3wna\",\"item\":\"https:\\\/\\\/ethicstech.eu\\\/en\\\/\"},{\"@type\":\"ListItem\",\"position\":2,\"name\":\"Ana\u00efs Ress\u00e9guier: The critical approach to AI needs to be continuously restarted\"}]},{\"@type\":\"WebSite\",\"@id\":\"https:\\\/\\\/ethicstech.eu\\\/en\\\/#website\",\"url\":\"https:\\\/\\\/ethicstech.eu\\\/en\\\/\",\"name\":\"Centrum Etyki Technologii\",\"description\":\"\",\"publisher\":{\"@id\":\"https:\\\/\\\/ethicstech.eu\\\/en\\\/#organization\"},\"potentialAction\":[{\"@type\":\"SearchAction\",\"target\":{\"@type\":\"EntryPoint\",\"urlTemplate\":\"https:\\\/\\\/ethicstech.eu\\\/en\\\/?s={search_term_string}\"},\"query-input\":{\"@type\":\"PropertyValueSpecification\",\"valueRequired\":true,\"valueName\":\"search_term_string\"}}],\"inLanguage\":\"en-US\"},{\"@type\":\"Organization\",\"@id\":\"https:\\\/\\\/ethicstech.eu\\\/en\\\/#organization\",\"name\":\"Centrum Etyki Technologii\",\"url\":\"https:\\\/\\\/ethicstech.eu\\\/en\\\/\",\"logo\":{\"@type\":\"ImageObject\",\"inLanguage\":\"en-US\",\"@id\":\"https:\\\/\\\/ethicstech.eu\\\/en\\\/#\\\/schema\\\/logo\\\/image\\\/\",\"url\":\"https:\\\/\\\/ethicstech.eu\\\/wp-content\\\/uploads\\\/2021\\\/03\\\/cropped-logo-long-PL.png\",\"contentUrl\":\"https:\\\/\\\/ethicstech.eu\\\/wp-content\\\/uploads\\\/2021\\\/03\\\/cropped-logo-long-PL.png\",\"width\":1382,\"height\":366,\"caption\":\"Centrum Etyki Technologii\"},\"image\":{\"@id\":\"https:\\\/\\\/ethicstech.eu\\\/en\\\/#\\\/schema\\\/logo\\\/image\\\/\"}},{\"@type\":\"Person\",\"@id\":\"https:\\\/\\\/ethicstech.eu\\\/en\\\/#\\\/schema\\\/person\\\/2c2aeee8d36644f0f55f0c7e966b8491\",\"name\":\"agagaj\",\"image\":{\"@type\":\"ImageObject\",\"inLanguage\":\"en-US\",\"@id\":\"https:\\\/\\\/secure.gravatar.com\\\/avatar\\\/261dcabdbe357ba6776bf32736511ad743db3d21cc5f2dbe4a5171e005809048?s=96&d=mm&r=g\",\"url\":\"https:\\\/\\\/secure.gravatar.com\\\/avatar\\\/261dcabdbe357ba6776bf32736511ad743db3d21cc5f2dbe4a5171e005809048?s=96&d=mm&r=g\",\"contentUrl\":\"https:\\\/\\\/secure.gravatar.com\\\/avatar\\\/261dcabdbe357ba6776bf32736511ad743db3d21cc5f2dbe4a5171e005809048?s=96&d=mm&r=g\",\"caption\":\"agagaj\"}}]}<\/script>\n<!-- \/ Yoast SEO plugin. -->","yoast_head_json":{"title":"Ana\u00efs Ress\u00e9guier: The critical approach to AI needs to be continuously restarted - Centrum Etyki Technologii","description":"We tend to consider AI as an almost intangible technology. To see all its impacts we need to look at the whole AI lifecycle.","robots":{"index":"index","follow":"follow","max-snippet":"max-snippet:-1","max-image-preview":"max-image-preview:large","max-video-preview":"max-video-preview:-1"},"canonical":"http:\/\/ethicstech.eu\/en\/anais-resseguier-the-critical-approach-to-ai-needs-to-be-continuously-restarted\/","og_locale":"en_US","og_type":"article","og_title":"Ana\u00efs Ress\u00e9guier: The critical approach to AI needs to be continuously restarted - Centrum Etyki Technologii","og_description":"We tend to consider AI as an almost intangible technology. To see all its impacts we need to look at the whole AI lifecycle.","og_url":"http:\/\/ethicstech.eu\/en\/anais-resseguier-the-critical-approach-to-ai-needs-to-be-continuously-restarted\/","og_site_name":"Centrum Etyki Technologii","article_published_time":"2022-06-09T15:59:27+00:00","article_modified_time":"2022-12-08T13:26:45+00:00","og_image":[{"width":1920,"height":1080,"url":"http:\/\/ethicstech.eu\/wp-content\/uploads\/2022\/06\/Anais-Resseguier-wywiad-3.png","type":"image\/png"}],"author":"agagaj","twitter_card":"summary_large_image","schema":{"@context":"https:\/\/schema.org","@graph":[{"@type":"Article","@id":"http:\/\/ethicstech.eu\/en\/anais-resseguier-the-critical-approach-to-ai-needs-to-be-continuously-restarted\/#article","isPartOf":{"@id":"http:\/\/ethicstech.eu\/en\/anais-resseguier-the-critical-approach-to-ai-needs-to-be-continuously-restarted\/"},"author":{"name":"agagaj","@id":"https:\/\/ethicstech.eu\/en\/#\/schema\/person\/2c2aeee8d36644f0f55f0c7e966b8491"},"headline":"Ana\u00efs Ress\u00e9guier: The critical approach to AI needs to be continuously restarted","datePublished":"2022-06-09T15:59:27+00:00","dateModified":"2022-12-08T13:26:45+00:00","mainEntityOfPage":{"@id":"http:\/\/ethicstech.eu\/en\/anais-resseguier-the-critical-approach-to-ai-needs-to-be-continuously-restarted\/"},"wordCount":3350,"publisher":{"@id":"https:\/\/ethicstech.eu\/en\/#organization"},"image":{"@id":"http:\/\/ethicstech.eu\/en\/anais-resseguier-the-critical-approach-to-ai-needs-to-be-continuously-restarted\/#primaryimage"},"thumbnailUrl":"http:\/\/ethicstech.eu\/wp-content\/uploads\/2022\/06\/Anais-Resseguier-wywiad-3.png","inLanguage":"en-US"},{"@type":"WebPage","@id":"http:\/\/ethicstech.eu\/en\/anais-resseguier-the-critical-approach-to-ai-needs-to-be-continuously-restarted\/","url":"http:\/\/ethicstech.eu\/en\/anais-resseguier-the-critical-approach-to-ai-needs-to-be-continuously-restarted\/","name":"Ana\u00efs Ress\u00e9guier: The critical approach to AI needs to be continuously restarted - Centrum Etyki Technologii","isPartOf":{"@id":"https:\/\/ethicstech.eu\/en\/#website"},"primaryImageOfPage":{"@id":"http:\/\/ethicstech.eu\/en\/anais-resseguier-the-critical-approach-to-ai-needs-to-be-continuously-restarted\/#primaryimage"},"image":{"@id":"http:\/\/ethicstech.eu\/en\/anais-resseguier-the-critical-approach-to-ai-needs-to-be-continuously-restarted\/#primaryimage"},"thumbnailUrl":"http:\/\/ethicstech.eu\/wp-content\/uploads\/2022\/06\/Anais-Resseguier-wywiad-3.png","datePublished":"2022-06-09T15:59:27+00:00","dateModified":"2022-12-08T13:26:45+00:00","description":"We tend to consider AI as an almost intangible technology. To see all its impacts we need to look at the whole AI lifecycle.","breadcrumb":{"@id":"http:\/\/ethicstech.eu\/en\/anais-resseguier-the-critical-approach-to-ai-needs-to-be-continuously-restarted\/#breadcrumb"},"inLanguage":"en-US","potentialAction":[{"@type":"ReadAction","target":["http:\/\/ethicstech.eu\/en\/anais-resseguier-the-critical-approach-to-ai-needs-to-be-continuously-restarted\/"]}]},{"@type":"ImageObject","inLanguage":"en-US","@id":"http:\/\/ethicstech.eu\/en\/anais-resseguier-the-critical-approach-to-ai-needs-to-be-continuously-restarted\/#primaryimage","url":"http:\/\/ethicstech.eu\/wp-content\/uploads\/2022\/06\/Anais-Resseguier-wywiad-3.png","contentUrl":"http:\/\/ethicstech.eu\/wp-content\/uploads\/2022\/06\/Anais-Resseguier-wywiad-3.png","width":1920,"height":1080,"caption":"Ilustracja wpisu_Ana\u00efs Ress\u00e9guier_Podej\u015bcie krytyczne do AI to ci\u0105g\u0142e zaczynanie od nowa"},{"@type":"BreadcrumbList","@id":"http:\/\/ethicstech.eu\/en\/anais-resseguier-the-critical-approach-to-ai-needs-to-be-continuously-restarted\/#breadcrumb","itemListElement":[{"@type":"ListItem","position":1,"name":"Strona g\u0142\u00f3wna","item":"https:\/\/ethicstech.eu\/en\/"},{"@type":"ListItem","position":2,"name":"Ana\u00efs Ress\u00e9guier: The critical approach to AI needs to be continuously restarted"}]},{"@type":"WebSite","@id":"https:\/\/ethicstech.eu\/en\/#website","url":"https:\/\/ethicstech.eu\/en\/","name":"Centrum Etyki Technologii","description":"","publisher":{"@id":"https:\/\/ethicstech.eu\/en\/#organization"},"potentialAction":[{"@type":"SearchAction","target":{"@type":"EntryPoint","urlTemplate":"https:\/\/ethicstech.eu\/en\/?s={search_term_string}"},"query-input":{"@type":"PropertyValueSpecification","valueRequired":true,"valueName":"search_term_string"}}],"inLanguage":"en-US"},{"@type":"Organization","@id":"https:\/\/ethicstech.eu\/en\/#organization","name":"Centrum Etyki Technologii","url":"https:\/\/ethicstech.eu\/en\/","logo":{"@type":"ImageObject","inLanguage":"en-US","@id":"https:\/\/ethicstech.eu\/en\/#\/schema\/logo\/image\/","url":"https:\/\/ethicstech.eu\/wp-content\/uploads\/2021\/03\/cropped-logo-long-PL.png","contentUrl":"https:\/\/ethicstech.eu\/wp-content\/uploads\/2021\/03\/cropped-logo-long-PL.png","width":1382,"height":366,"caption":"Centrum Etyki Technologii"},"image":{"@id":"https:\/\/ethicstech.eu\/en\/#\/schema\/logo\/image\/"}},{"@type":"Person","@id":"https:\/\/ethicstech.eu\/en\/#\/schema\/person\/2c2aeee8d36644f0f55f0c7e966b8491","name":"agagaj","image":{"@type":"ImageObject","inLanguage":"en-US","@id":"https:\/\/secure.gravatar.com\/avatar\/261dcabdbe357ba6776bf32736511ad743db3d21cc5f2dbe4a5171e005809048?s=96&d=mm&r=g","url":"https:\/\/secure.gravatar.com\/avatar\/261dcabdbe357ba6776bf32736511ad743db3d21cc5f2dbe4a5171e005809048?s=96&d=mm&r=g","contentUrl":"https:\/\/secure.gravatar.com\/avatar\/261dcabdbe357ba6776bf32736511ad743db3d21cc5f2dbe4a5171e005809048?s=96&d=mm&r=g","caption":"agagaj"}}]}},"_links":{"self":[{"href":"http:\/\/ethicstech.eu\/en\/wp-json\/wp\/v2\/posts\/6470","targetHints":{"allow":["GET"]}}],"collection":[{"href":"http:\/\/ethicstech.eu\/en\/wp-json\/wp\/v2\/posts"}],"about":[{"href":"http:\/\/ethicstech.eu\/en\/wp-json\/wp\/v2\/types\/post"}],"author":[{"embeddable":true,"href":"http:\/\/ethicstech.eu\/en\/wp-json\/wp\/v2\/users\/5"}],"replies":[{"embeddable":true,"href":"http:\/\/ethicstech.eu\/en\/wp-json\/wp\/v2\/comments?post=6470"}],"version-history":[{"count":17,"href":"http:\/\/ethicstech.eu\/en\/wp-json\/wp\/v2\/posts\/6470\/revisions"}],"predecessor-version":[{"id":7036,"href":"http:\/\/ethicstech.eu\/en\/wp-json\/wp\/v2\/posts\/6470\/revisions\/7036"}],"wp:featuredmedia":[{"embeddable":true,"href":"http:\/\/ethicstech.eu\/en\/wp-json\/wp\/v2\/media\/6440"}],"wp:attachment":[{"href":"http:\/\/ethicstech.eu\/en\/wp-json\/wp\/v2\/media?parent=6470"}],"wp:term":[{"taxonomy":"category","embeddable":true,"href":"http:\/\/ethicstech.eu\/en\/wp-json\/wp\/v2\/categories?post=6470"},{"taxonomy":"post_tag","embeddable":true,"href":"http:\/\/ethicstech.eu\/en\/wp-json\/wp\/v2\/tags?post=6470"}],"curies":[{"name":"wp","href":"https:\/\/api.w.org\/{rel}","templated":true}]}}